{"id":373,"date":"2021-02-15T21:55:16","date_gmt":"2021-02-15T21:55:16","guid":{"rendered":"http:\/\/diarioelrapsoda.com\/?p=373"},"modified":"2021-02-17T05:39:44","modified_gmt":"2021-02-17T05:39:44","slug":"la-cancion-de-dorian","status":"publish","type":"post","link":"https:\/\/diarioelrapsoda.com\/index.php\/2021\/02\/15\/la-cancion-de-dorian\/","title":{"rendered":"La canci\u00f3n de Dorian2"},"content":{"rendered":"\t\t<div data-elementor-type=\"wp-post\" data-elementor-id=\"373\" class=\"elementor elementor-373\">\n\t\t\t\t\t\t<section class=\"elementor-section elementor-top-section elementor-element elementor-element-1b1b74bb elementor-section-full_width elementor-section-content-middle elementor-section-height-default elementor-section-height-default\" data-id=\"1b1b74bb\" data-element_type=\"section\" data-e-type=\"section\" data-settings=\"{&quot;background_background&quot;:&quot;classic&quot;}\">\n\t\t\t\t\t\t<div class=\"elementor-container elementor-column-gap-custom\">\n\t\t\t\t\t<div class=\"elementor-column elementor-col-50 elementor-top-column elementor-element elementor-element-23fea375 elementor-hidden-tablet elementor-hidden-phone\" data-id=\"23fea375\" data-element_type=\"column\" data-e-type=\"column\" data-settings=\"{&quot;background_background&quot;:&quot;classic&quot;}\">\n\t\t\t<div class=\"elementor-widget-wrap\">\n\t\t\t\t\t<div class=\"elementor-background-overlay\"><\/div>\n\t\t\t\t\t\t\t<\/div>\n\t\t<\/div>\n\t\t\t\t<div class=\"elementor-column elementor-col-50 elementor-top-column elementor-element elementor-element-3710eeef\" data-id=\"3710eeef\" data-element_type=\"column\" data-e-type=\"column\">\n\t\t\t<div class=\"elementor-widget-wrap elementor-element-populated\">\n\t\t\t\t\t\t<div class=\"elementor-element elementor-element-68b2e985 elementor-widget elementor-widget-spacer\" data-id=\"68b2e985\" data-element_type=\"widget\" data-e-type=\"widget\" data-widget_type=\"spacer.default\">\n\t\t\t\t<div class=\"elementor-widget-container\">\n\t\t\t\t\t\t\t<div class=\"elementor-spacer\">\n\t\t\t<div class=\"elementor-spacer-inner\"><\/div>\n\t\t<\/div>\n\t\t\t\t\t\t<\/div>\n\t\t\t\t<\/div>\n\t\t\t\t<div class=\"elementor-element elementor-element-18f00522 elementor-hidden-desktop elementor-widget elementor-widget-image\" data-id=\"18f00522\" data-element_type=\"widget\" data-e-type=\"widget\" data-widget_type=\"image.default\">\n\t\t\t\t<div class=\"elementor-widget-container\">\n\t\t\t\t\t\t\t\t\t\t\t\t\t\t\t<img fetchpriority=\"high\" decoding=\"async\" width=\"782\" height=\"1223\" src=\"https:\/\/diarioelrapsoda.com\/wp-content\/uploads\/2021\/02\/PORTADA-LA-CANCION-DE-DORIAN-2-edicion_page-0001.jpg\" class=\"attachment-full size-full wp-image-295\" alt=\"\" srcset=\"https:\/\/diarioelrapsoda.com\/wp-content\/uploads\/2021\/02\/PORTADA-LA-CANCION-DE-DORIAN-2-edicion_page-0001.jpg 782w, https:\/\/diarioelrapsoda.com\/wp-content\/uploads\/2021\/02\/PORTADA-LA-CANCION-DE-DORIAN-2-edicion_page-0001-192x300.jpg 192w, https:\/\/diarioelrapsoda.com\/wp-content\/uploads\/2021\/02\/PORTADA-LA-CANCION-DE-DORIAN-2-edicion_page-0001-655x1024.jpg 655w, https:\/\/diarioelrapsoda.com\/wp-content\/uploads\/2021\/02\/PORTADA-LA-CANCION-DE-DORIAN-2-edicion_page-0001-768x1201.jpg 768w\" sizes=\"(max-width: 782px) 100vw, 782px\" \/>\t\t\t\t\t\t\t\t\t\t\t\t\t\t\t<\/div>\n\t\t\t\t<\/div>\n\t\t\t\t<div class=\"elementor-element elementor-element-4a5b4a18 elementor-widget elementor-widget-heading\" data-id=\"4a5b4a18\" data-element_type=\"widget\" data-e-type=\"widget\" data-widget_type=\"heading.default\">\n\t\t\t\t<div class=\"elementor-widget-container\">\n\t\t\t\t\t<h1 class=\"elementor-heading-title elementor-size-default\">la canci\u00f3n de dorian\n<\/h1>\t\t\t\t<\/div>\n\t\t\t\t<\/div>\n\t\t\t\t<div class=\"elementor-element elementor-element-64bcf88c elementor-widget elementor-widget-heading\" data-id=\"64bcf88c\" data-element_type=\"widget\" data-e-type=\"widget\" data-widget_type=\"heading.default\">\n\t\t\t\t<div class=\"elementor-widget-container\">\n\t\t\t\t\t<h4 class=\"elementor-heading-title elementor-size-default\">segunda edici\u00f3n\n<\/h4>\t\t\t\t<\/div>\n\t\t\t\t<\/div>\n\t\t\t\t<div class=\"elementor-element elementor-element-64b94f1 elementor-widget elementor-widget-heading\" data-id=\"64b94f1\" data-element_type=\"widget\" data-e-type=\"widget\" data-widget_type=\"heading.default\">\n\t\t\t\t<div class=\"elementor-widget-container\">\n\t\t\t\t\t<h4 class=\"elementor-heading-title elementor-size-default\">Gabriel Vera Baeza\n<\/h4>\t\t\t\t<\/div>\n\t\t\t\t<\/div>\n\t\t\t\t<div class=\"elementor-element elementor-element-5673929c elementor-widget elementor-widget-heading\" data-id=\"5673929c\" data-element_type=\"widget\" data-e-type=\"widget\" data-widget_type=\"heading.default\">\n\t\t\t\t<div class=\"elementor-widget-container\">\n\t\t\t\t\t<h4 class=\"elementor-heading-title elementor-size-default\">sinopsis\n<\/h4>\t\t\t\t<\/div>\n\t\t\t\t<\/div>\n\t\t\t\t<div class=\"elementor-element elementor-element-460237e7 elementor-widget elementor-widget-text-editor\" data-id=\"460237e7\" data-element_type=\"widget\" data-e-type=\"widget\" data-widget_type=\"text-editor.default\">\n\t\t\t\t<div class=\"elementor-widget-container\">\n\t\t\t\t\t\t\t\t\t<p><span style=\"font-weight: 400;\">Despu\u00e9s del gran \u00e9xito editorial que signific\u00f3 \u201cTeor\u00edas Acerca del Amor\u201d y \u201cCazador de Cometas\u201d el autor nos involucra una vez m\u00e1s en su narrativa con la presente obra.<\/span><\/p><p><span style=\"font-weight: 400;\">-\u201cLa canci\u00f3n de Dorian\u201d es mi reconciliaci\u00f3n con Dios. \u2013Lo ha mencionado el autor y como toda reconciliaci\u00f3n sus letras son viscerales, blasfemas; es dar y recibir sin cuartel, es ignorancia, ingenuidad y sabidur\u00eda, es la crueldad de los ni\u00f1os y la amargura de la vejez; es la lluvia como mensajera c\u00edclica; es un acto cat\u00e1rtico que anticipa un futuro pleno.<\/span><\/p><p><span style=\"font-weight: 400;\">-\u201cLa canci\u00f3n de Dorian\u201d es una novela corta escrita con grandes pinceladas de prosa po\u00e9tica. A trav\u00e9s de su narrativa el autor trata de desentra\u00f1ar el origen del alma, su significado presente y el m\u00e1s all\u00e1 para concluir categ\u00f3ricamente en la reencarnaci\u00f3n. \u201cDorian\u201d es un gato, es un alma y es un sujeto perdido en s\u00ed mismo, y en este \u00faltimo estado le es necesario descubrirse en la tr\u00edada para poder aspirar a la evoluci\u00f3n; los sue\u00f1os recurrentes, el compa\u00f1ero de viaje y su insatisfacci\u00f3n en torno a la vida ser\u00e1n las claves.<\/span><\/p>\t\t\t\t\t\t\t\t<\/div>\n\t\t\t\t<\/div>\n\t\t\t\t\t<\/div>\n\t\t<\/div>\n\t\t\t\t\t<\/div>\n\t\t<\/section>\n\t\t\t\t<section class=\"elementor-section elementor-top-section elementor-element elementor-element-3767ca05 elementor-section-content-middle elementor-section-boxed elementor-section-height-default elementor-section-height-default\" data-id=\"3767ca05\" data-element_type=\"section\" data-e-type=\"section\" data-settings=\"{&quot;background_background&quot;:&quot;classic&quot;}\">\n\t\t\t\t\t\t<div class=\"elementor-container elementor-column-gap-no\">\n\t\t\t\t\t<div class=\"elementor-column elementor-col-100 elementor-top-column elementor-element elementor-element-112322b9\" data-id=\"112322b9\" data-element_type=\"column\" data-e-type=\"column\">\n\t\t\t<div class=\"elementor-widget-wrap elementor-element-populated\">\n\t\t\t\t\t\t<div class=\"elementor-element elementor-element-14acd1a7 elementor-widget-divider--view-line elementor-widget elementor-widget-divider\" data-id=\"14acd1a7\" data-element_type=\"widget\" data-e-type=\"widget\" data-widget_type=\"divider.default\">\n\t\t\t\t<div class=\"elementor-widget-container\">\n\t\t\t\t\t\t\t<div class=\"elementor-divider\">\n\t\t\t<span class=\"elementor-divider-separator\">\n\t\t\t\t\t\t<\/span>\n\t\t<\/div>\n\t\t\t\t\t\t<\/div>\n\t\t\t\t<\/div>\n\t\t\t\t<div class=\"elementor-element elementor-element-65384782 elementor-widget elementor-widget-text-editor\" data-id=\"65384782\" data-element_type=\"widget\" data-e-type=\"widget\" data-widget_type=\"text-editor.default\">\n\t\t\t\t<div class=\"elementor-widget-container\">\n\t\t\t\t\t\t\t\t\t<p><span class=\"c6\">LA CANCI\u00d3N DE <\/span><span class=\"c1\">DORIAN<\/span><\/p><p class=\"c3\"><span class=\"c6\">\u275d<\/span><span class=\"c4\">Los meses pasaron y en ellos se afianzaba la idea del deceso de Dorian hasta convertirse en una certeza \u2014Dorian est\u00e1 muerto\u2014, pensaba. Sin embargo, a\u00fan dentro de la convicci\u00f3n hab\u00eda un peque\u00f1o resquicio de duda por donde respiraba la ilusi\u00f3n que lo hac\u00eda despertar ocasionalmente y espiar por tejados circunvecinos la ruta del regreso.<\/span><\/p><p class=\"c3\"><span class=\"c4\">Sucedi\u00f3 que una madrugada, como tantas otras, maullidos nocturnos le sobresaltaron. Esper\u00f3 ya consciente, un maullido revelaba no era un sue\u00f1o o una voz desconocida; un segundo sonido gutural se expandi\u00f3 desde fuera de la puerta: era Dorian. De un salto lleg\u00f3 al umbral franque\u00e1ndole la entrada, le introdujo a la rec\u00e1mara, lo acomod\u00f3 sobre las cobijas y descubri\u00f3 \u00fanicamente hab\u00eda ido a despedirse. Se recost\u00f3 a su lado y pas\u00f3 la madrugada acarici\u00e1ndolo y cont\u00e1ndole de Paola, del trabajo, de sus padres; de lo maravilloso que hab\u00eda resultado compartir una porci\u00f3n de existencia con \u00e9l. Las horas pasaban deshebrando la vida del gato.\u275e<\/span><\/p><p>\u00a0<\/p><p class=\"c9\"><span class=\"c5\">\u275d<\/span><span class=\"c4\">El lugar le despertaba una vaga familiaridad pese a la convicci\u00f3n de jam\u00e1s \u00a0haber estado all\u00ed, sin embargo, pese al breve reconocimiento se sent\u00eda cohibido y un poco fuera de sitio ante el bullicio y naturalidad con que se desarrollaba todo al derredor. Una voz lo sac\u00f3 del marasmo.<\/span><\/p><p class=\"c3\"><span class=\"c4\">\u2014Ll\u00e1mame Axel, aqu\u00ed s\u00f3lo tenemos un nombre transitorio para facilitar nuestra identidad, \u00bfc\u00f3mo quieres que te llame? \u00a0 <\/span><\/p><p class=\"c3\"><span class=\"c4\">Intuitivamente respondi\u00f3:<\/span><\/p><p class=\"c3\"><span class=\"c4\">\u2014Dorian\u2014. Sorprendi\u00e9ndose de la respuesta dada.<\/span><\/p><p class=\"c3\"><span class=\"c4\">\u2014Bueno Dorian, parece que es la primera vez que est\u00e1s aqu\u00ed, si deseas te puedo acompa\u00f1ar a equiparte con tus elecciones. El manual intuitivo con el cual llegamos es un tanto impreciso e influyente\u2014. Dijo Axel.<\/span><\/p><p class=\"c3\"><span class=\"c4\">Dorian no respondi\u00f3, a\u00fan continuaba impresionado y cohibido ante la nueva situaci\u00f3n. Trat\u00f3 de bajar la vista, de ubicar \u00a0su cuerpo; la visi\u00f3n s\u00f3lo le devolv\u00eda una imagen et\u00e9rea, blanca, luminosa, de forma humanoide. Volte\u00f3 hacia el interlocutor y la misma silueta que vio consigo se repet\u00eda frente a \u00e9l, y m\u00e1s all\u00e1 y en toda la dimensi\u00f3n del recinto. Las voces a modo de susurros s\u00ed hablaban de una identidad personal. <\/span><\/p><p class=\"c3\"><span class=\"c4\">Una voz imperativa rompi\u00f3 el bullicio exigiendo atenci\u00f3n:<\/span><\/p><p class=\"c3\"><span class=\"c4\">\u201cAlmas, es el momento de la elecci\u00f3n; pasen de tres en tres en cada sala, hagan la mejor selecci\u00f3n y recuerden, no los queremos de regreso\u201d. <\/span><\/p><p class=\"c3\"><span class=\"c4\">En orden casi militar las almas se formaron y entraron aleatoriamente a las estancias. Axel, Dorian y Pentax tomaron turno e ingresaron al primer local rotulado con la palabra \u201cSexo\u201d.<\/span><\/p><p class=\"c3\"><span class=\"c4\">Axel m\u00e1s desenvuelto tom\u00f3 su sexo: femenino; Pentax, se inclin\u00f3 sin titubeos por el masculino; Dorian, a\u00fan con la intuici\u00f3n programada titubeaba.<\/span><\/p><p class=\"c3\"><span class=\"c4\">\u2014Mira Dorian\u2014, habl\u00f3 Axel, para regresar a la tierra, \u00e9sta nos exige ciertas condiciones: aqu\u00ed no hay tiempo, g\u00e9nero, lazos afectivos determinados, apetito, mas es un estado transitorio, volveremos como seres humanos, nuestra misi\u00f3n all\u00ed es, a trav\u00e9s de nuestras decisiones, cumplir un destino.<\/span><\/p><p class=\"c3\"><span class=\"c4\">Dorian volvi\u00f3 a sorprenderse de escuchar su propia voz al contestar, \u2014Quiero sexo femenino como t\u00fa.\u275e<\/span><\/p><p>\u00a0<\/p><p class=\"c3\"><span class=\"c5\">\u275d<\/span><span class=\"c4\">Le despert\u00f3 un dolor que avanz\u00f3 por las extremidades inferiores deteni\u00e9ndose en las coyunturas y, desde all\u00ed, serruchando, haci\u00e9ndose evidente en el crujir de huesos, hasta dislocar el f\u00e9mur de la tibia, la tibia del tarso y as\u00ed paulatinamente. Ya en plena conciencia se levant\u00f3 a calzarse unos calcetines y agregar una manta m\u00e1s al lecho. Sab\u00eda que una tormenta se desatar\u00eda en las pr\u00f3ximas horas, procur\u00f3 recordar si alg\u00fan objeto entra\u00f1able estar\u00eda para ese momento a la intemperie, el saldo s\u00f3lo le arroj\u00f3 un peri\u00f3dico olvidado sobre la banca del patio y un t\u00e9 expuesto a las propiedades del sereno, nada que ameritara tentar al dolor en pos de salvaci\u00f3n. <\/span><\/p><p class=\"c3\"><span class=\"c4\">A temprana edad descubri\u00f3 la peculiaridad de sus huesos para predecir la lluvia; parec\u00eda haber comenzado despu\u00e9s de una bronquitis infantil superada. A \u00e9l le hubiera gustado tener la certeza del origen remontado a un ayer, despu\u00e9s de ser alcanzado por un rayo y sobrevivido a la descarga, pero desgraciadamente el atributo ten\u00eda m\u00e1s de vulgar que de m\u00e1gico. Le hubiera agradado no s\u00f3lo predecir con algunas horas de antelaci\u00f3n la precipitaci\u00f3n pluvial, sino atraerla; decidir cu\u00e1nto, en d\u00f3nde y cu\u00e1ndo llover. Que al morir su osamenta insepulta por mano humana, clandestina, conservara la gracia y emitiera fuegos fatuos y fosforescentes en claro presagio de un tesoro acuoso, mas el don era apenas de heraldo de lluvia y en el caso de la ciudad serv\u00eda menos de nada la investidura de aprendiz de tiempero.<\/span><span class=\"c1\">\u275e<\/span><\/p><p class=\"c7\">\u00a0<\/p>\t\t\t\t\t\t\t\t<\/div>\n\t\t\t\t<\/div>\n\t\t\t\t\t<\/div>\n\t\t<\/div>\n\t\t\t\t\t<\/div>\n\t\t<\/section>\n\t\t\t\t<section class=\"elementor-section elementor-top-section elementor-element elementor-element-10c43221 elementor-section-boxed elementor-section-height-default elementor-section-height-default\" data-id=\"10c43221\" data-element_type=\"section\" data-e-type=\"section\" data-settings=\"{&quot;background_background&quot;:&quot;classic&quot;}\">\n\t\t\t\t\t\t<div class=\"elementor-container elementor-column-gap-default\">\n\t\t\t\t\t<div class=\"elementor-column elementor-col-50 elementor-top-column elementor-element elementor-element-4c6e3d57 elementor-hidden-phone\" data-id=\"4c6e3d57\" data-element_type=\"column\" data-e-type=\"column\">\n\t\t\t<div class=\"elementor-widget-wrap elementor-element-populated\">\n\t\t\t\t\t\t<div class=\"elementor-element elementor-element-48a83c2f elementor-hidden-phone elementor-widget elementor-widget-image\" data-id=\"48a83c2f\" data-element_type=\"widget\" data-e-type=\"widget\" data-widget_type=\"image.default\">\n\t\t\t\t<div class=\"elementor-widget-container\">\n\t\t\t\t\t\t\t\t\t\t\t\t\t\t\t\t<a href=\"\">\n\t\t\t\t\t\t\t<img decoding=\"async\" width=\"150\" height=\"150\" src=\"https:\/\/diarioelrapsoda.com\/wp-content\/uploads\/2021\/02\/libros-150x150.png\" class=\"attachment-thumbnail size-thumbnail wp-image-358\" alt=\"\" srcset=\"https:\/\/diarioelrapsoda.com\/wp-content\/uploads\/2021\/02\/libros-150x150.png 150w, https:\/\/diarioelrapsoda.com\/wp-content\/uploads\/2021\/02\/libros-300x300.png 300w, https:\/\/diarioelrapsoda.com\/wp-content\/uploads\/2021\/02\/libros.png 512w\" sizes=\"(max-width: 150px) 100vw, 150px\" \/>\t\t\t\t\t\t\t\t<\/a>\n\t\t\t\t\t\t\t\t\t\t\t\t\t\t\t<\/div>\n\t\t\t\t<\/div>\n\t\t\t\t\t<\/div>\n\t\t<\/div>\n\t\t\t\t<div class=\"elementor-column elementor-col-50 elementor-top-column elementor-element elementor-element-1ec900eb\" data-id=\"1ec900eb\" data-element_type=\"column\" data-e-type=\"column\">\n\t\t\t<div class=\"elementor-widget-wrap elementor-element-populated\">\n\t\t\t\t\t\t<div class=\"elementor-element elementor-element-1214e3a elementor-hidden-desktop elementor-hidden-tablet elementor-widget elementor-widget-image\" data-id=\"1214e3a\" data-element_type=\"widget\" data-e-type=\"widget\" data-widget_type=\"image.default\">\n\t\t\t\t<div class=\"elementor-widget-container\">\n\t\t\t\t\t\t\t\t\t\t\t\t\t\t\t\t<a href=\"\">\n\t\t\t\t\t\t\t<img decoding=\"async\" src=\"https:\/\/diarioelrapsoda.com\/wp-content\/uploads\/elementor\/thumbs\/libros-p2x2jn0mp60oyhp1ma3e3fon14rbxwkplmmo0ylaag.png\" title=\"libros\" alt=\"libros\" loading=\"lazy\" \/>\t\t\t\t\t\t\t\t<\/a>\n\t\t\t\t\t\t\t\t\t\t\t\t\t\t\t<\/div>\n\t\t\t\t<\/div>\n\t\t\t\t<div class=\"elementor-element elementor-element-41368700 elementor-widget elementor-widget-heading\" data-id=\"41368700\" data-element_type=\"widget\" data-e-type=\"widget\" data-widget_type=\"heading.default\">\n\t\t\t\t<div class=\"elementor-widget-container\">\n\t\t\t\t\t<h3 class=\"elementor-heading-title elementor-size-default\">ficha t\u00e9cnica\n<\/h3>\t\t\t\t<\/div>\n\t\t\t\t<\/div>\n\t\t\t\t<div class=\"elementor-element elementor-element-2d1f3d5 elementor-widget elementor-widget-text-editor\" data-id=\"2d1f3d5\" data-element_type=\"widget\" data-e-type=\"widget\" data-widget_type=\"text-editor.default\">\n\t\t\t\t<div class=\"elementor-widget-container\">\n\t\t\t\t\t\t\t\t\t<p>Lorem ipsum dolor sit amet, consectetur adipiscing elit. Ut elit tellus, luctus nec ullamcorper mattis, pulvinar dapibus leo.<\/p>\t\t\t\t\t\t\t\t<\/div>\n\t\t\t\t<\/div>\n\t\t\t\t\t<\/div>\n\t\t<\/div>\n\t\t\t\t\t<\/div>\n\t\t<\/section>\n\t\t\t\t<section class=\"elementor-section elementor-top-section elementor-element elementor-element-c828ed5 elementor-section-boxed elementor-section-height-default elementor-section-height-default\" data-id=\"c828ed5\" data-element_type=\"section\" data-e-type=\"section\" data-settings=\"{&quot;background_background&quot;:&quot;classic&quot;}\">\n\t\t\t\t\t\t<div class=\"elementor-container elementor-column-gap-default\">\n\t\t\t\t\t<div class=\"elementor-column elementor-col-100 elementor-top-column elementor-element elementor-element-482aa7d1\" data-id=\"482aa7d1\" data-element_type=\"column\" data-e-type=\"column\">\n\t\t\t<div class=\"elementor-widget-wrap elementor-element-populated\">\n\t\t\t\t\t\t<div class=\"elementor-element elementor-element-a4b87c4 elementor-widget elementor-widget-spacer\" data-id=\"a4b87c4\" data-element_type=\"widget\" data-e-type=\"widget\" data-widget_type=\"spacer.default\">\n\t\t\t\t<div class=\"elementor-widget-container\">\n\t\t\t\t\t\t\t<div class=\"elementor-spacer\">\n\t\t\t<div class=\"elementor-spacer-inner\"><\/div>\n\t\t<\/div>\n\t\t\t\t\t\t<\/div>\n\t\t\t\t<\/div>\n\t\t\t\t<div class=\"elementor-element elementor-element-15f3b41 elementor-widget elementor-widget-heading\" data-id=\"15f3b41\" data-element_type=\"widget\" data-e-type=\"widget\" data-widget_type=\"heading.default\">\n\t\t\t\t<div class=\"elementor-widget-container\">\n\t\t\t\t\t<h3 class=\"elementor-heading-title elementor-size-default\">LIBROS RELACIONADOS<\/h3>\t\t\t\t<\/div>\n\t\t\t\t<\/div>\n\t\t\t\t<div class=\"elementor-element elementor-element-1631717b elementor-grid-eael-col-4 elementor-grid-tablet-eael-col-2 elementor-grid-mobile-eael-col-1 elementor-widget elementor-widget-eael-post-grid\" data-id=\"1631717b\" data-element_type=\"widget\" data-e-type=\"widget\" data-settings=\"{&quot;eael_post_grid_columns&quot;:&quot;eael-col-4&quot;,&quot;eael_post_grid_columns_tablet&quot;:&quot;eael-col-2&quot;,&quot;eael_post_grid_columns_mobile&quot;:&quot;eael-col-1&quot;}\" data-widget_type=\"eael-post-grid.default\">\n\t\t\t\t<div class=\"elementor-widget-container\">\n\t\t\t\t\t<div id=\"eael-post-grid-1631717b\" class=\"eael-post-grid-container\">\n            <div class=\"eael-post-grid eael-post-appender eael-post-appender-1631717b eael-post-grid-style-one\" data-layout-mode=\"grid\"><article class=\"eael-grid-post  eael-post-grid-column eael-pg-post-345 category-libros\" data-id=\"345\">\n        <div class=\"eael-grid-post-holder\">\n            <div class=\"eael-grid-post-holder-inner\"><div class=\"eael-entry-media\"><div class=\"eael-entry-overlay fade-in\"><i class=\"\" aria-hidden=\"true\"><\/i><a href=\"https:\/\/diarioelrapsoda.com\/index.php\/2021\/02\/15\/cazador-de-cometas\/\"><\/a><\/div><div class=\"eael-entry-thumbnail \">\n                <img decoding=\"async\" width=\"200\" height=\"313\" src=\"https:\/\/diarioelrapsoda.com\/wp-content\/uploads\/2021\/02\/PORTADA-CAZADOR-DE-COMETAS_MINI.jpg\" class=\"attachment-full size-full wp-image-382\" alt=\"\" srcset=\"https:\/\/diarioelrapsoda.com\/wp-content\/uploads\/2021\/02\/PORTADA-CAZADOR-DE-COMETAS_MINI.jpg 200w, https:\/\/diarioelrapsoda.com\/wp-content\/uploads\/2021\/02\/PORTADA-CAZADOR-DE-COMETAS_MINI-192x300.jpg 192w\" sizes=\"(max-width: 200px) 100vw, 200px\" \/>\n            <\/div>\n        <\/div><div class=\"eael-entry-wrapper\"><header class=\"eael-entry-header\"><h2 class=\"eael-entry-title\"><a class=\"eael-grid-post-link\" href=\"https:\/\/diarioelrapsoda.com\/index.php\/2021\/02\/15\/cazador-de-cometas\/\" title=\"Cazador de cometas\">Cazador de cometas<\/a><\/h2><\/header><div class=\"eael-entry-content\">\n                        <div class=\"eael-grid-post-excerpt\"><a href=\"https:\/\/diarioelrapsoda.com\/index.php\/2021\/02\/15\/cazador-de-cometas\/\" class=\"eael-post-elements-readmore-btn\">Leer m\u00e1s<\/a><\/div>\n                    <\/div><\/div><\/div>\n        <\/div>\n    <\/article><article class=\"eael-grid-post  eael-post-grid-column eael-pg-post-448 category-libros\" data-id=\"448\">\n        <div class=\"eael-grid-post-holder\">\n            <div class=\"eael-grid-post-holder-inner\"><div class=\"eael-entry-media\"><div class=\"eael-entry-overlay fade-in\"><i class=\"\" aria-hidden=\"true\"><\/i><a href=\"https:\/\/diarioelrapsoda.com\/index.php\/2021\/02\/16\/la-cancion-de-dorian-2\/\"><\/a><\/div><div class=\"eael-entry-thumbnail \">\n                <img loading=\"lazy\" decoding=\"async\" width=\"200\" height=\"312\" src=\"https:\/\/diarioelrapsoda.com\/wp-content\/uploads\/2021\/02\/PORTADA-LA-CANCION-DE-DORIAN-1_page-0001mini.jpg\" class=\"attachment-full size-full wp-image-441\" alt=\"\" srcset=\"https:\/\/diarioelrapsoda.com\/wp-content\/uploads\/2021\/02\/PORTADA-LA-CANCION-DE-DORIAN-1_page-0001mini.jpg 200w, https:\/\/diarioelrapsoda.com\/wp-content\/uploads\/2021\/02\/PORTADA-LA-CANCION-DE-DORIAN-1_page-0001mini-192x300.jpg 192w\" sizes=\"(max-width: 200px) 100vw, 200px\" \/>\n            <\/div>\n        <\/div><div class=\"eael-entry-wrapper\"><header class=\"eael-entry-header\"><h2 class=\"eael-entry-title\"><a class=\"eael-grid-post-link\" href=\"https:\/\/diarioelrapsoda.com\/index.php\/2021\/02\/16\/la-cancion-de-dorian-2\/\" title=\"La canci\u00f3n de Dorian\">La canci\u00f3n de Dorian<\/a><\/h2><\/header><div class=\"eael-entry-content\">\n                        <div class=\"eael-grid-post-excerpt\"><a href=\"https:\/\/diarioelrapsoda.com\/index.php\/2021\/02\/16\/la-cancion-de-dorian-2\/\" class=\"eael-post-elements-readmore-btn\">Leer m\u00e1s<\/a><\/div>\n                    <\/div><\/div><\/div>\n        <\/div>\n    <\/article><article class=\"eael-grid-post  eael-post-grid-column eael-pg-post-442 category-libros\" data-id=\"442\">\n        <div class=\"eael-grid-post-holder\">\n            <div class=\"eael-grid-post-holder-inner\"><div class=\"eael-entry-media\"><div class=\"eael-entry-overlay fade-in\"><i class=\"\" aria-hidden=\"true\"><\/i><a href=\"https:\/\/diarioelrapsoda.com\/index.php\/2021\/02\/16\/cazador-de-cometas-2\/\"><\/a><\/div><div class=\"eael-entry-thumbnail \">\n                <img loading=\"lazy\" decoding=\"async\" width=\"200\" height=\"312\" src=\"https:\/\/diarioelrapsoda.com\/wp-content\/uploads\/2021\/02\/PORTADA-CAZADOR-DE-COMETAS-2da-edicion-2mini.jpg\" class=\"attachment-full size-full wp-image-440\" alt=\"\" srcset=\"https:\/\/diarioelrapsoda.com\/wp-content\/uploads\/2021\/02\/PORTADA-CAZADOR-DE-COMETAS-2da-edicion-2mini.jpg 200w, https:\/\/diarioelrapsoda.com\/wp-content\/uploads\/2021\/02\/PORTADA-CAZADOR-DE-COMETAS-2da-edicion-2mini-192x300.jpg 192w\" sizes=\"(max-width: 200px) 100vw, 200px\" \/>\n            <\/div>\n        <\/div><div class=\"eael-entry-wrapper\"><header class=\"eael-entry-header\"><h2 class=\"eael-entry-title\"><a class=\"eael-grid-post-link\" href=\"https:\/\/diarioelrapsoda.com\/index.php\/2021\/02\/16\/cazador-de-cometas-2\/\" title=\"Cazador de cometas2\">Cazador de cometas2<\/a><\/h2><\/header><div class=\"eael-entry-content\">\n                        <div class=\"eael-grid-post-excerpt\"><a href=\"https:\/\/diarioelrapsoda.com\/index.php\/2021\/02\/16\/cazador-de-cometas-2\/\" class=\"eael-post-elements-readmore-btn\">Leer m\u00e1s<\/a><\/div>\n                    <\/div><\/div><\/div>\n        <\/div>\n    <\/article><article class=\"eael-grid-post  eael-post-grid-column eael-pg-post-412 category-libros\" data-id=\"412\">\n        <div class=\"eael-grid-post-holder\">\n            <div class=\"eael-grid-post-holder-inner\"><div class=\"eael-entry-media\"><div class=\"eael-entry-overlay fade-in\"><i class=\"\" aria-hidden=\"true\"><\/i><a href=\"https:\/\/diarioelrapsoda.com\/index.php\/2021\/02\/16\/teorias-acerca-del-amor\/\"><\/a><\/div><div class=\"eael-entry-thumbnail \">\n                <img loading=\"lazy\" decoding=\"async\" width=\"200\" height=\"312\" src=\"https:\/\/diarioelrapsoda.com\/wp-content\/uploads\/2021\/02\/PORTADA-TEORIAS-A-CERCA-DEL-AMOR_page-0001mini.jpg\" class=\"attachment-full size-full wp-image-437\" alt=\"\" srcset=\"https:\/\/diarioelrapsoda.com\/wp-content\/uploads\/2021\/02\/PORTADA-TEORIAS-A-CERCA-DEL-AMOR_page-0001mini.jpg 200w, https:\/\/diarioelrapsoda.com\/wp-content\/uploads\/2021\/02\/PORTADA-TEORIAS-A-CERCA-DEL-AMOR_page-0001mini-192x300.jpg 192w\" sizes=\"(max-width: 200px) 100vw, 200px\" \/>\n            <\/div>\n        <\/div><div class=\"eael-entry-wrapper\"><header class=\"eael-entry-header\"><h2 class=\"eael-entry-title\"><a class=\"eael-grid-post-link\" href=\"https:\/\/diarioelrapsoda.com\/index.php\/2021\/02\/16\/teorias-acerca-del-amor\/\" title=\"Teor\u00edas acerca del amor\">Teor\u00edas acerca del amor<\/a><\/h2><\/header><div class=\"eael-entry-content\">\n                        <div class=\"eael-grid-post-excerpt\"><a href=\"https:\/\/diarioelrapsoda.com\/index.php\/2021\/02\/16\/teorias-acerca-del-amor\/\" class=\"eael-post-elements-readmore-btn\">Leer m\u00e1s<\/a><\/div>\n                    <\/div><\/div><\/div>\n        <\/div>\n    <\/article><\/div>\n            <div class=\"clearfix\"><\/div>\n        <\/div>            <div class=\"eael-load-more-button-wrap eael-force-hide\">\n                <button class=\"eael-load-more-button\" id=\"eael-load-more-btn-1631717b\" data-widget-id=\"1631717b\" data-widget=\"1631717b\" data-page-id=\"373\" data-template=\"{&quot;dir&quot;:&quot;lite&quot;,&quot;file_name&quot;:&quot;one.php&quot;,&quot;name&quot;:&quot;Post-Grid&quot;}\" data-class=\"Essential_Addons_Elementor\\Elements\\Post_Grid\" data-layout=\"grid\" data-page=\"1\" data-args=\"orderby=modified&amp;order=asc&amp;ignore_sticky_posts=1&amp;post_status=publish&amp;posts_per_page=4&amp;offset=0&amp;post_type=post&amp;tax_query%5B0%5D%5Btaxonomy%5D=category&amp;tax_query%5B0%5D%5Bfield%5D=term_id&amp;tax_query%5B0%5D%5Bterms%5D%5B0%5D=4&amp;tax_query%5Brelation%5D=AND&amp;post__not_in%5B0%5D=373\" data-max-page=\"2\">\n                    <span class=\"eael-btn-loader button__loader\"><\/span>\n                    <span class=\"eael_load_more_text\">Cargar m\u00e1s<\/span>\n                <\/button>\n            <\/div>\n            \t\t\t\t<\/div>\n\t\t\t\t<\/div>\n\t\t\t\t\t<\/div>\n\t\t<\/div>\n\t\t\t\t\t<\/div>\n\t\t<\/section>\n\t\t\t\t<\/div>\n\t\t","protected":false},"excerpt":{"rendered":"<p>la canci\u00f3n de dorian segunda edici\u00f3n Gabriel Vera Baeza sinopsis Despu\u00e9s del gran \u00e9xito editorial que signific\u00f3 \u201cTeor\u00edas Acerca del Amor\u201d y \u201cCazador de Cometas\u201d el autor nos involucra una vez m\u00e1s en su narrativa con la presente obra. -\u201cLa canci\u00f3n de Dorian\u201d es mi reconciliaci\u00f3n con Dios. \u2013Lo ha mencionado el autor y como toda reconciliaci\u00f3n sus letras son viscerales, blasfemas; es dar y recibir sin cuartel, es ignorancia, ingenuidad y sabidur\u00eda, es la crueldad de los ni\u00f1os y la amargura de la vejez; es la lluvia como mensajera c\u00edclica; es un acto cat\u00e1rtico que anticipa un futuro pleno. -\u201cLa canci\u00f3n de Dorian\u201d es una novela corta escrita con grandes pinceladas de prosa po\u00e9tica. A trav\u00e9s de su narrativa el autor trata de desentra\u00f1ar el origen del alma, su significado presente y el m\u00e1s all\u00e1 para concluir categ\u00f3ricamente en la reencarnaci\u00f3n. \u201cDorian\u201d es un gato, es un alma y&hellip;<\/p>\n<p> <a class=\"more-link\" href=\"https:\/\/diarioelrapsoda.com\/index.php\/2021\/02\/16\/teorias-acerca-del-amor\/\">Leer m\u00e1s<\/a><\/p>\n","protected":false},"author":1,"featured_media":388,"comment_status":"closed","ping_status":"closed","sticky":false,"template":"elementor_header_footer","format":"aside","meta":{"footnotes":""},"categories":[4],"tags":[],"class_list":{"0":"post-373","1":"post","2":"type-post","3":"status-publish","4":"format-aside","5":"has-post-thumbnail","7":"category-libros","8":"post_format-post-format-aside"},"yoast_head":"<!-- This site is optimized with the Yoast SEO plugin v27.3 - https:\/\/yoast.com\/product\/yoast-seo-wordpress\/ -->\n<title>La canci\u00f3n de Dorian2 - Diario el rapsoda<\/title>\n<meta name=\"robots\" content=\"index, follow, max-snippet:-1, max-image-preview:large, max-video-preview:-1\" \/>\n<link rel=\"canonical\" href=\"https:\/\/diarioelrapsoda.com\/index.php\/2021\/02\/15\/la-cancion-de-dorian\/\" \/>\n<meta property=\"og:locale\" content=\"es_MX\" \/>\n<meta property=\"og:type\" content=\"article\" \/>\n<meta property=\"og:title\" content=\"La canci\u00f3n de Dorian2 - Diario el rapsoda\" \/>\n<meta property=\"og:description\" content=\"la canci\u00f3n de dorian segunda edici\u00f3n Gabriel Vera Baeza sinopsis Despu\u00e9s del gran \u00e9xito editorial que signific\u00f3 \u201cTeor\u00edas Acerca del Amor\u201d y \u201cCazador de Cometas\u201d el autor nos involucra una vez m\u00e1s en su narrativa con la presente obra. -\u201cLa canci\u00f3n de Dorian\u201d es mi reconciliaci\u00f3n con Dios. \u2013Lo ha mencionado el autor y como toda reconciliaci\u00f3n sus letras son viscerales, blasfemas; es dar y recibir sin cuartel, es ignorancia, ingenuidad y sabidur\u00eda, es la crueldad de los ni\u00f1os y la amargura de la vejez; es la lluvia como mensajera c\u00edclica; es un acto cat\u00e1rtico que anticipa un futuro pleno. -\u201cLa canci\u00f3n de Dorian\u201d es una novela corta escrita con grandes pinceladas de prosa po\u00e9tica. A trav\u00e9s de su narrativa el autor trata de desentra\u00f1ar el origen del alma, su significado presente y el m\u00e1s all\u00e1 para concluir categ\u00f3ricamente en la reencarnaci\u00f3n. \u201cDorian\u201d es un gato, es un alma y&hellip;  Leer m\u00e1s\" \/>\n<meta property=\"og:url\" content=\"https:\/\/diarioelrapsoda.com\/index.php\/2021\/02\/15\/la-cancion-de-dorian\/\" \/>\n<meta property=\"og:site_name\" content=\"Diario el rapsoda\" \/>\n<meta property=\"article:published_time\" content=\"2021-02-15T21:55:16+00:00\" \/>\n<meta property=\"article:modified_time\" content=\"2021-02-17T05:39:44+00:00\" \/>\n<meta property=\"og:image\" content=\"https:\/\/diarioelrapsoda.com\/wp-content\/uploads\/2021\/02\/PORTADA-LA-CANCION-DE-DORIAN-2-edicion_MINI.jpg\" \/>\n\t<meta property=\"og:image:width\" content=\"200\" \/>\n\t<meta property=\"og:image:height\" content=\"312\" \/>\n\t<meta property=\"og:image:type\" content=\"image\/jpeg\" \/>\n<meta name=\"author\" content=\"webelrapsoda.diario@gmail.com\" \/>\n<meta name=\"twitter:card\" content=\"summary_large_image\" \/>\n<meta name=\"twitter:label1\" content=\"Escrito por\" \/>\n\t<meta name=\"twitter:data1\" content=\"webelrapsoda.diario@gmail.com\" \/>\n\t<meta name=\"twitter:label2\" content=\"Tiempo de lectura\" \/>\n\t<meta name=\"twitter:data2\" content=\"7 minutos\" \/>\n<script type=\"application\/ld+json\" class=\"yoast-schema-graph\">{\"@context\":\"https:\\\/\\\/schema.org\",\"@graph\":[{\"@type\":\"Article\",\"@id\":\"https:\\\/\\\/diarioelrapsoda.com\\\/index.php\\\/2021\\\/02\\\/15\\\/la-cancion-de-dorian\\\/#article\",\"isPartOf\":{\"@id\":\"https:\\\/\\\/diarioelrapsoda.com\\\/index.php\\\/2021\\\/02\\\/15\\\/la-cancion-de-dorian\\\/\"},\"author\":{\"name\":\"webelrapsoda.diario@gmail.com\",\"@id\":\"https:\\\/\\\/diarioelrapsoda.com\\\/#\\\/schema\\\/person\\\/f29b08daa1504d855189cb5e2f39a8f9\"},\"headline\":\"La canci\u00f3n de Dorian2\",\"datePublished\":\"2021-02-15T21:55:16+00:00\",\"dateModified\":\"2021-02-17T05:39:44+00:00\",\"mainEntityOfPage\":{\"@id\":\"https:\\\/\\\/diarioelrapsoda.com\\\/index.php\\\/2021\\\/02\\\/15\\\/la-cancion-de-dorian\\\/\"},\"wordCount\":1097,\"publisher\":{\"@id\":\"https:\\\/\\\/diarioelrapsoda.com\\\/#organization\"},\"image\":{\"@id\":\"https:\\\/\\\/diarioelrapsoda.com\\\/index.php\\\/2021\\\/02\\\/15\\\/la-cancion-de-dorian\\\/#primaryimage\"},\"thumbnailUrl\":\"https:\\\/\\\/diarioelrapsoda.com\\\/wp-content\\\/uploads\\\/2021\\\/02\\\/PORTADA-LA-CANCION-DE-DORIAN-2-edicion_MINI.jpg\",\"articleSection\":[\"libros\"],\"inLanguage\":\"es\"},{\"@type\":\"WebPage\",\"@id\":\"https:\\\/\\\/diarioelrapsoda.com\\\/index.php\\\/2021\\\/02\\\/15\\\/la-cancion-de-dorian\\\/\",\"url\":\"https:\\\/\\\/diarioelrapsoda.com\\\/index.php\\\/2021\\\/02\\\/15\\\/la-cancion-de-dorian\\\/\",\"name\":\"La canci\u00f3n de Dorian2 - Diario el rapsoda\",\"isPartOf\":{\"@id\":\"https:\\\/\\\/diarioelrapsoda.com\\\/#website\"},\"primaryImageOfPage\":{\"@id\":\"https:\\\/\\\/diarioelrapsoda.com\\\/index.php\\\/2021\\\/02\\\/15\\\/la-cancion-de-dorian\\\/#primaryimage\"},\"image\":{\"@id\":\"https:\\\/\\\/diarioelrapsoda.com\\\/index.php\\\/2021\\\/02\\\/15\\\/la-cancion-de-dorian\\\/#primaryimage\"},\"thumbnailUrl\":\"https:\\\/\\\/diarioelrapsoda.com\\\/wp-content\\\/uploads\\\/2021\\\/02\\\/PORTADA-LA-CANCION-DE-DORIAN-2-edicion_MINI.jpg\",\"datePublished\":\"2021-02-15T21:55:16+00:00\",\"dateModified\":\"2021-02-17T05:39:44+00:00\",\"breadcrumb\":{\"@id\":\"https:\\\/\\\/diarioelrapsoda.com\\\/index.php\\\/2021\\\/02\\\/15\\\/la-cancion-de-dorian\\\/#breadcrumb\"},\"inLanguage\":\"es\",\"potentialAction\":[{\"@type\":\"ReadAction\",\"target\":[\"https:\\\/\\\/diarioelrapsoda.com\\\/index.php\\\/2021\\\/02\\\/15\\\/la-cancion-de-dorian\\\/\"]}]},{\"@type\":\"ImageObject\",\"inLanguage\":\"es\",\"@id\":\"https:\\\/\\\/diarioelrapsoda.com\\\/index.php\\\/2021\\\/02\\\/15\\\/la-cancion-de-dorian\\\/#primaryimage\",\"url\":\"https:\\\/\\\/diarioelrapsoda.com\\\/wp-content\\\/uploads\\\/2021\\\/02\\\/PORTADA-LA-CANCION-DE-DORIAN-2-edicion_MINI.jpg\",\"contentUrl\":\"https:\\\/\\\/diarioelrapsoda.com\\\/wp-content\\\/uploads\\\/2021\\\/02\\\/PORTADA-LA-CANCION-DE-DORIAN-2-edicion_MINI.jpg\",\"width\":200,\"height\":312},{\"@type\":\"BreadcrumbList\",\"@id\":\"https:\\\/\\\/diarioelrapsoda.com\\\/index.php\\\/2021\\\/02\\\/15\\\/la-cancion-de-dorian\\\/#breadcrumb\",\"itemListElement\":[{\"@type\":\"ListItem\",\"position\":1,\"name\":\"Inicio\",\"item\":\"https:\\\/\\\/diarioelrapsoda.com\\\/\"},{\"@type\":\"ListItem\",\"position\":2,\"name\":\"La canci\u00f3n de Dorian2\"}]},{\"@type\":\"WebSite\",\"@id\":\"https:\\\/\\\/diarioelrapsoda.com\\\/#website\",\"url\":\"https:\\\/\\\/diarioelrapsoda.com\\\/\",\"name\":\"Diario el rapsoda\",\"description\":\"\",\"publisher\":{\"@id\":\"https:\\\/\\\/diarioelrapsoda.com\\\/#organization\"},\"potentialAction\":[{\"@type\":\"SearchAction\",\"target\":{\"@type\":\"EntryPoint\",\"urlTemplate\":\"https:\\\/\\\/diarioelrapsoda.com\\\/?s={search_term_string}\"},\"query-input\":{\"@type\":\"PropertyValueSpecification\",\"valueRequired\":true,\"valueName\":\"search_term_string\"}}],\"inLanguage\":\"es\"},{\"@type\":\"Organization\",\"@id\":\"https:\\\/\\\/diarioelrapsoda.com\\\/#organization\",\"name\":\"Diario el rapsoda\",\"url\":\"https:\\\/\\\/diarioelrapsoda.com\\\/\",\"logo\":{\"@type\":\"ImageObject\",\"inLanguage\":\"es\",\"@id\":\"https:\\\/\\\/diarioelrapsoda.com\\\/#\\\/schema\\\/logo\\\/image\\\/\",\"url\":\"https:\\\/\\\/diarioelrapsoda.com\\\/wp-content\\\/uploads\\\/2021\\\/02\\\/LOGO-RAPSODA-A-COLOR-scaled.jpg\",\"contentUrl\":\"https:\\\/\\\/diarioelrapsoda.com\\\/wp-content\\\/uploads\\\/2021\\\/02\\\/LOGO-RAPSODA-A-COLOR-scaled.jpg\",\"width\":2560,\"height\":446,\"caption\":\"Diario el rapsoda\"},\"image\":{\"@id\":\"https:\\\/\\\/diarioelrapsoda.com\\\/#\\\/schema\\\/logo\\\/image\\\/\"}},{\"@type\":\"Person\",\"@id\":\"https:\\\/\\\/diarioelrapsoda.com\\\/#\\\/schema\\\/person\\\/f29b08daa1504d855189cb5e2f39a8f9\",\"name\":\"webelrapsoda.diario@gmail.com\",\"image\":{\"@type\":\"ImageObject\",\"inLanguage\":\"es\",\"@id\":\"https:\\\/\\\/secure.gravatar.com\\\/avatar\\\/6285af43e9ec84611b8aeef9d12f8616198e4fc8f3569f3bac6703fd5dce9d61?s=96&d=mm&r=g\",\"url\":\"https:\\\/\\\/secure.gravatar.com\\\/avatar\\\/6285af43e9ec84611b8aeef9d12f8616198e4fc8f3569f3bac6703fd5dce9d61?s=96&d=mm&r=g\",\"contentUrl\":\"https:\\\/\\\/secure.gravatar.com\\\/avatar\\\/6285af43e9ec84611b8aeef9d12f8616198e4fc8f3569f3bac6703fd5dce9d61?s=96&d=mm&r=g\",\"caption\":\"webelrapsoda.diario@gmail.com\"},\"sameAs\":[\"http:\\\/\\\/diarioelrapsoda.com\"]}]}<\/script>\n<!-- \/ Yoast SEO plugin. -->","yoast_head_json":{"title":"La canci\u00f3n de Dorian2 - Diario el rapsoda","robots":{"index":"index","follow":"follow","max-snippet":"max-snippet:-1","max-image-preview":"max-image-preview:large","max-video-preview":"max-video-preview:-1"},"canonical":"https:\/\/diarioelrapsoda.com\/index.php\/2021\/02\/15\/la-cancion-de-dorian\/","og_locale":"es_MX","og_type":"article","og_title":"La canci\u00f3n de Dorian2 - Diario el rapsoda","og_description":"la canci\u00f3n de dorian segunda edici\u00f3n Gabriel Vera Baeza sinopsis Despu\u00e9s del gran \u00e9xito editorial que signific\u00f3 \u201cTeor\u00edas Acerca del Amor\u201d y \u201cCazador de Cometas\u201d el autor nos involucra una vez m\u00e1s en su narrativa con la presente obra. -\u201cLa canci\u00f3n de Dorian\u201d es mi reconciliaci\u00f3n con Dios. \u2013Lo ha mencionado el autor y como toda reconciliaci\u00f3n sus letras son viscerales, blasfemas; es dar y recibir sin cuartel, es ignorancia, ingenuidad y sabidur\u00eda, es la crueldad de los ni\u00f1os y la amargura de la vejez; es la lluvia como mensajera c\u00edclica; es un acto cat\u00e1rtico que anticipa un futuro pleno. -\u201cLa canci\u00f3n de Dorian\u201d es una novela corta escrita con grandes pinceladas de prosa po\u00e9tica. A trav\u00e9s de su narrativa el autor trata de desentra\u00f1ar el origen del alma, su significado presente y el m\u00e1s all\u00e1 para concluir categ\u00f3ricamente en la reencarnaci\u00f3n. \u201cDorian\u201d es un gato, es un alma y&hellip;  Leer m\u00e1s","og_url":"https:\/\/diarioelrapsoda.com\/index.php\/2021\/02\/15\/la-cancion-de-dorian\/","og_site_name":"Diario el rapsoda","article_published_time":"2021-02-15T21:55:16+00:00","article_modified_time":"2021-02-17T05:39:44+00:00","og_image":[{"width":200,"height":312,"url":"https:\/\/diarioelrapsoda.com\/wp-content\/uploads\/2021\/02\/PORTADA-LA-CANCION-DE-DORIAN-2-edicion_MINI.jpg","type":"image\/jpeg"}],"author":"webelrapsoda.diario@gmail.com","twitter_card":"summary_large_image","twitter_misc":{"Escrito por":"webelrapsoda.diario@gmail.com","Tiempo de lectura":"7 minutos"},"schema":{"@context":"https:\/\/schema.org","@graph":[{"@type":"Article","@id":"https:\/\/diarioelrapsoda.com\/index.php\/2021\/02\/15\/la-cancion-de-dorian\/#article","isPartOf":{"@id":"https:\/\/diarioelrapsoda.com\/index.php\/2021\/02\/15\/la-cancion-de-dorian\/"},"author":{"name":"webelrapsoda.diario@gmail.com","@id":"https:\/\/diarioelrapsoda.com\/#\/schema\/person\/f29b08daa1504d855189cb5e2f39a8f9"},"headline":"La canci\u00f3n de Dorian2","datePublished":"2021-02-15T21:55:16+00:00","dateModified":"2021-02-17T05:39:44+00:00","mainEntityOfPage":{"@id":"https:\/\/diarioelrapsoda.com\/index.php\/2021\/02\/15\/la-cancion-de-dorian\/"},"wordCount":1097,"publisher":{"@id":"https:\/\/diarioelrapsoda.com\/#organization"},"image":{"@id":"https:\/\/diarioelrapsoda.com\/index.php\/2021\/02\/15\/la-cancion-de-dorian\/#primaryimage"},"thumbnailUrl":"https:\/\/diarioelrapsoda.com\/wp-content\/uploads\/2021\/02\/PORTADA-LA-CANCION-DE-DORIAN-2-edicion_MINI.jpg","articleSection":["libros"],"inLanguage":"es"},{"@type":"WebPage","@id":"https:\/\/diarioelrapsoda.com\/index.php\/2021\/02\/15\/la-cancion-de-dorian\/","url":"https:\/\/diarioelrapsoda.com\/index.php\/2021\/02\/15\/la-cancion-de-dorian\/","name":"La canci\u00f3n de Dorian2 - Diario el rapsoda","isPartOf":{"@id":"https:\/\/diarioelrapsoda.com\/#website"},"primaryImageOfPage":{"@id":"https:\/\/diarioelrapsoda.com\/index.php\/2021\/02\/15\/la-cancion-de-dorian\/#primaryimage"},"image":{"@id":"https:\/\/diarioelrapsoda.com\/index.php\/2021\/02\/15\/la-cancion-de-dorian\/#primaryimage"},"thumbnailUrl":"https:\/\/diarioelrapsoda.com\/wp-content\/uploads\/2021\/02\/PORTADA-LA-CANCION-DE-DORIAN-2-edicion_MINI.jpg","datePublished":"2021-02-15T21:55:16+00:00","dateModified":"2021-02-17T05:39:44+00:00","breadcrumb":{"@id":"https:\/\/diarioelrapsoda.com\/index.php\/2021\/02\/15\/la-cancion-de-dorian\/#breadcrumb"},"inLanguage":"es","potentialAction":[{"@type":"ReadAction","target":["https:\/\/diarioelrapsoda.com\/index.php\/2021\/02\/15\/la-cancion-de-dorian\/"]}]},{"@type":"ImageObject","inLanguage":"es","@id":"https:\/\/diarioelrapsoda.com\/index.php\/2021\/02\/15\/la-cancion-de-dorian\/#primaryimage","url":"https:\/\/diarioelrapsoda.com\/wp-content\/uploads\/2021\/02\/PORTADA-LA-CANCION-DE-DORIAN-2-edicion_MINI.jpg","contentUrl":"https:\/\/diarioelrapsoda.com\/wp-content\/uploads\/2021\/02\/PORTADA-LA-CANCION-DE-DORIAN-2-edicion_MINI.jpg","width":200,"height":312},{"@type":"BreadcrumbList","@id":"https:\/\/diarioelrapsoda.com\/index.php\/2021\/02\/15\/la-cancion-de-dorian\/#breadcrumb","itemListElement":[{"@type":"ListItem","position":1,"name":"Inicio","item":"https:\/\/diarioelrapsoda.com\/"},{"@type":"ListItem","position":2,"name":"La canci\u00f3n de Dorian2"}]},{"@type":"WebSite","@id":"https:\/\/diarioelrapsoda.com\/#website","url":"https:\/\/diarioelrapsoda.com\/","name":"Diario el rapsoda","description":"","publisher":{"@id":"https:\/\/diarioelrapsoda.com\/#organization"},"potentialAction":[{"@type":"SearchAction","target":{"@type":"EntryPoint","urlTemplate":"https:\/\/diarioelrapsoda.com\/?s={search_term_string}"},"query-input":{"@type":"PropertyValueSpecification","valueRequired":true,"valueName":"search_term_string"}}],"inLanguage":"es"},{"@type":"Organization","@id":"https:\/\/diarioelrapsoda.com\/#organization","name":"Diario el rapsoda","url":"https:\/\/diarioelrapsoda.com\/","logo":{"@type":"ImageObject","inLanguage":"es","@id":"https:\/\/diarioelrapsoda.com\/#\/schema\/logo\/image\/","url":"https:\/\/diarioelrapsoda.com\/wp-content\/uploads\/2021\/02\/LOGO-RAPSODA-A-COLOR-scaled.jpg","contentUrl":"https:\/\/diarioelrapsoda.com\/wp-content\/uploads\/2021\/02\/LOGO-RAPSODA-A-COLOR-scaled.jpg","width":2560,"height":446,"caption":"Diario el rapsoda"},"image":{"@id":"https:\/\/diarioelrapsoda.com\/#\/schema\/logo\/image\/"}},{"@type":"Person","@id":"https:\/\/diarioelrapsoda.com\/#\/schema\/person\/f29b08daa1504d855189cb5e2f39a8f9","name":"webelrapsoda.diario@gmail.com","image":{"@type":"ImageObject","inLanguage":"es","@id":"https:\/\/secure.gravatar.com\/avatar\/6285af43e9ec84611b8aeef9d12f8616198e4fc8f3569f3bac6703fd5dce9d61?s=96&d=mm&r=g","url":"https:\/\/secure.gravatar.com\/avatar\/6285af43e9ec84611b8aeef9d12f8616198e4fc8f3569f3bac6703fd5dce9d61?s=96&d=mm&r=g","contentUrl":"https:\/\/secure.gravatar.com\/avatar\/6285af43e9ec84611b8aeef9d12f8616198e4fc8f3569f3bac6703fd5dce9d61?s=96&d=mm&r=g","caption":"webelrapsoda.diario@gmail.com"},"sameAs":["http:\/\/diarioelrapsoda.com"]}]}},"_links":{"self":[{"href":"https:\/\/diarioelrapsoda.com\/index.php\/wp-json\/wp\/v2\/posts\/373","targetHints":{"allow":["GET"]}}],"collection":[{"href":"https:\/\/diarioelrapsoda.com\/index.php\/wp-json\/wp\/v2\/posts"}],"about":[{"href":"https:\/\/diarioelrapsoda.com\/index.php\/wp-json\/wp\/v2\/types\/post"}],"author":[{"embeddable":true,"href":"https:\/\/diarioelrapsoda.com\/index.php\/wp-json\/wp\/v2\/users\/1"}],"replies":[{"embeddable":true,"href":"https:\/\/diarioelrapsoda.com\/index.php\/wp-json\/wp\/v2\/comments?post=373"}],"version-history":[{"count":29,"href":"https:\/\/diarioelrapsoda.com\/index.php\/wp-json\/wp\/v2\/posts\/373\/revisions"}],"predecessor-version":[{"id":640,"href":"https:\/\/diarioelrapsoda.com\/index.php\/wp-json\/wp\/v2\/posts\/373\/revisions\/640"}],"wp:featuredmedia":[{"embeddable":true,"href":"https:\/\/diarioelrapsoda.com\/index.php\/wp-json\/wp\/v2\/media\/388"}],"wp:attachment":[{"href":"https:\/\/diarioelrapsoda.com\/index.php\/wp-json\/wp\/v2\/media?parent=373"}],"wp:term":[{"taxonomy":"category","embeddable":true,"href":"https:\/\/diarioelrapsoda.com\/index.php\/wp-json\/wp\/v2\/categories?post=373"},{"taxonomy":"post_tag","embeddable":true,"href":"https:\/\/diarioelrapsoda.com\/index.php\/wp-json\/wp\/v2\/tags?post=373"}],"curies":[{"name":"wp","href":"https:\/\/api.w.org\/{rel}","templated":true}]}}